{"id":39,"date":"2006-10-29T11:57:15","date_gmt":"2006-10-29T09:57:15","guid":{"rendered":"http:\/\/www.de-brand.net\/blog\/?p=39"},"modified":"2006-10-29T11:57:15","modified_gmt":"2006-10-29T09:57:15","slug":"title","status":"publish","type":"post","link":"https:\/\/www.de-brand.net\/blog\/2006\/10\/29\/title\/","title":{"rendered":"Levantate ZP"},"content":{"rendered":"<p>Erst Video anschauen, dann lesen!<\/p>\n<p><object width=\"425\" height=\"350\"><param name=\"movie\" value=\"http:\/\/www.youtube.com\/v\/Nd1q_JIR_B8\"><\/param><param name=\"wmode\" value=\"transparent\"><\/param><embed src=\"http:\/\/www.youtube.com\/v\/Nd1q_JIR_B8\" type=\"application\/x-shockwave-flash\" wmode=\"transparent\" width=\"425\" height=\"350\"><\/embed><\/object><\/p>\n<p class=\"MsoNormal\"><span lang=\"DE\">Die spanische Aktivistengruppe &#8220;<\/span><span lang=\"EN-GB\"><a target=\"_blank\" href=\"http:\/\/levantatezp.blogspot.com\/\"><span lang=\"DE\">4 GATOS<\/span><\/a><\/span><span lang=\"DE\">&#8221; ist in der Nacht vom 29. auf den 30. September ins spanische Parlament eingebrochen, um den Sessel des Premierministers zu entf\u00fchren und um Zapatero eine pers\u00f6nliche Nachricht zu hinterlassen: einen Zettel wo drauf steht: &#8220;Zapatero, am 16. Oktober f\u00fcr die Armut (auf)stehen!&#8221;. Das ganze wurde per Video aufgezeichnet. In Spanien explodiert schnell der Fall, bis die Agentur <em>Tiempo BBDO<\/em> die Katze aus dem Sack l\u00e4sst: in Wirklichkeit handelt es sich um ein Fake, das scheinbar Teil der von BBDO gestalteten UNO-Kampagne gegen die Armut ist. Nur eine kleine Portion des Films wurde (illegal) im Parlament gedreht, deshalb hat jetzt die BBDO Aerger bekommen. Faszinierend!<\/span><\/p>\n<p class=\"MsoNormal\"><img decoding=\"async\" alt=\"plan.jpg\" id=\"image42\" src=\"http:\/\/www.your-me.com\/debranding\/blog\/wp-content\/uploads\/2006\/10\/plan.jpg\" \/><\/p>\n","protected":false},"excerpt":{"rendered":"<p>Erst Video anschauen, dann lesen! Die spanische Aktivistengruppe &#8220;4 GATOS&#8221; ist in der Nacht vom 29. auf den 30. September ins spanische Parlament eingebrochen, um den Sessel des Premierministers zu entf\u00fchren und um Zapatero eine pers\u00f6nliche Nachricht zu hinterlassen: einen Zettel wo drauf steht: &#8220;Zapatero, am 16. Oktober f\u00fcr die Armut (auf)stehen!&#8221;. Das ganze wurde [&hellip;]<\/p>\n","protected":false},"author":2,"featured_media":0,"comment_status":"open","ping_status":"open","sticky":false,"template":"","format":"standard","meta":{"footnotes":""},"categories":[1],"tags":[],"class_list":["post-39","post","type-post","status-publish","format-standard","hentry","category-uncategorized"],"_links":{"self":[{"href":"https:\/\/www.de-brand.net\/blog\/wp-json\/wp\/v2\/posts\/39","targetHints":{"allow":["GET"]}}],"collection":[{"href":"https:\/\/www.de-brand.net\/blog\/wp-json\/wp\/v2\/posts"}],"about":[{"href":"https:\/\/www.de-brand.net\/blog\/wp-json\/wp\/v2\/types\/post"}],"author":[{"embeddable":true,"href":"https:\/\/www.de-brand.net\/blog\/wp-json\/wp\/v2\/users\/2"}],"replies":[{"embeddable":true,"href":"https:\/\/www.de-brand.net\/blog\/wp-json\/wp\/v2\/comments?post=39"}],"version-history":[{"count":0,"href":"https:\/\/www.de-brand.net\/blog\/wp-json\/wp\/v2\/posts\/39\/revisions"}],"wp:attachment":[{"href":"https:\/\/www.de-brand.net\/blog\/wp-json\/wp\/v2\/media?parent=39"}],"wp:term":[{"taxonomy":"category","embeddable":true,"href":"https:\/\/www.de-brand.net\/blog\/wp-json\/wp\/v2\/categories?post=39"},{"taxonomy":"post_tag","embeddable":true,"href":"https:\/\/www.de-brand.net\/blog\/wp-json\/wp\/v2\/tags?post=39"}],"curies":[{"name":"wp","href":"https:\/\/api.w.org\/{rel}","templated":true}]}}