{"id":1016,"date":"2015-05-25T09:07:03","date_gmt":"2015-05-25T09:07:03","guid":{"rendered":"http:\/\/www.de-brand.net\/blog\/?p=1016"},"modified":"2015-05-25T09:23:27","modified_gmt":"2015-05-25T09:23:27","slug":"stell-dir-vor","status":"publish","type":"post","link":"https:\/\/www.de-brand.net\/blog\/2015\/05\/25\/stell-dir-vor\/","title":{"rendered":"Pfingsten: Stell dir vor &#8230;"},"content":{"rendered":"<p>&#8230; wir so Leben w\u00fcrden wir wollen. Froh zu sein bedarf es wenig &#8230; Mehr mit weniger &#8230; mehr Gutes mit weniger G\u00fctern. Keine Kriege, kein Kampf ums Geld, keine Wichtigtuerei, &#8230; etc.<\/p>\n<p><img loading=\"lazy\" decoding=\"async\" class=\" size-full wp-image-1024 aligncenter\" src=\"http:\/\/www.de-brand.net\/blog\/wp-content\/uploads\/2015\/05\/utopie.jpg\" alt=\"utopie\" width=\"290\" height=\"340\" \/><\/p>\n<p>Kaum vorzustellen (<a href=\"https:\/\/www.youtube.com\/watch?v=HdyMV1AKHGg\">Zizek<\/a>), au\u00dfer von toten Spinnern wie John Lennon (&#8220;<a href=\"https:\/\/www.youtube.com\/watch?v=yRhq-yO1KN8\">Imagine<\/a>&#8220;)\u00a0 oder ein paar lebendigen Freigeistern, Aktivistinnen und Gestaltern (mehr dazu auf diesem Blog unter &#8220;<a href=\"http:\/\/www.de-brand.net\/blog\/2014\/02\/15\/visionen-und-gestaltung\/\">Stellt es euch vor und tut es. Die Gestaltung der Zukunft&#8221;)<\/a>.<\/p>\n<p>Statt dessen: allgemeine &#8220;Alternativlosigkeit&#8221;, Sachzw\u00e4nge und zwanghafte Vorstellungen (&#8220;Images&#8221; von Erfolg und Konsumgl\u00fcck). Um all dies geht es <a href=\"http:\/\/www.sueddeutsche.de\/politik\/pfingsten-wunderwort-zukunft-1.2490257\">Heribert Prantl in seinem Wort zum Sonntag, \u00e4h zu Pfingsten<\/a>. Und da formuliert er ein paar S\u00e4tze so sch\u00f6n, da\u00df ich diese Pointen hier gerne versammle:<\/p>\n<blockquote><p>&#8230; Die Katastrophen sind allpr\u00e4sent: die Umwelt- und die Klimakatastrophe, die Fl\u00fcchtlingskatastrophe, die Katastrophe auf dem Finanzmarkt, die Bildungskatastrophe; die demografische Katastrophe. Zwischen den m\u00f6rderischen Taten der Radikalislamisten, dem rasenden Stillstand des Turbokapitalismus und dem auf- und abschwellenden Ebola-Alarm leben Politik und Gesellschaft wie gel\u00e4hmt dahin. &#8230;<\/p>\n<p>&#8230; Man glaubt nicht mehr an den geradlinigen Fortschritt, aber auch nicht an die gro\u00dfe Umkehr, nicht an eine offene Zukunft; denn man h\u00f6rt zu oft, die Art der Krisenbew\u00e4ltigung sei &#8220;alternativlos&#8221; &#8230;<\/p><\/blockquote>\n<p><img decoding=\"async\" src=\"http:\/\/hastuzeit.de\/uploads\/2010\/01\/14_15_Interesse_Zukunftsutopien_WinsorMcCay3.png\" alt=\"Sachzwang und Alternativlosigkeit\" width=\"100%\" \/><\/p>\n<blockquote><p>&#8230; Walter Benjamin hat gesagt: &#8220;Da\u00df es &#8216;so weiter&#8217; geht, ist die Katastrophe. Sie ist nicht das jeweils Bevorstehende, sondern das jeweils Gegebene.&#8221; &#8230;<\/p>\n<p>&#8230; <strong>Die Frage ist also nicht, welche Zukunft man hat oder erduldet, die Frage ist, welche Zukunft man haben will und wie man darauf hinlebt und hinarbeitet.<\/strong><\/p><\/blockquote>\n<p>Das w\u00e4re eigentlich eine Sache der Gestalter des Gro\u00dfen und Ganzen, also der Entscheidungstr\u00e4ger in Politik und Wirtschaft. Doch die sind gefangen in ihren Machtinteressen und &#8220;Sachzw\u00e4ngen&#8221;. Also m\u00fcssen wir B\u00fcrger ran, und damit auch die ganz &#8220;kreativen&#8221;: die Architekten, Fotografen, Designer, Werber, Filmer, etc., die ja auch mal eine <strong>vern\u00fcnftige Gegenwart und eine attraktive Zukunft darstellen<\/strong> k\u00f6nnten, anstatt zu mehr Konsum und Coolness zu verleiten. Auch die Dichter und Denker sind gefragt: weniger Selbstbez\u00fcglichkeit, mehr Welt! Weniger apokalyptische Phantasien, mehr konkrete Utopien!<\/p>\n<p><img decoding=\"async\" class=\"alignnone size-medium wp-image-1025\" src=\"http:\/\/www.de-brand.net\/blog\/wp-content\/uploads\/2015\/05\/UTOPIE-DYSTOPIE_1280_1280-640x301.jpg\" alt=\"UTOPIE-DYSTOPIE_1280_1280\" width=\"100%\" srcset=\"https:\/\/www.de-brand.net\/blog\/wp-content\/uploads\/2015\/05\/UTOPIE-DYSTOPIE_1280_1280-640x301.jpg 640w, https:\/\/www.de-brand.net\/blog\/wp-content\/uploads\/2015\/05\/UTOPIE-DYSTOPIE_1280_1280-1024x481.jpg 1024w, https:\/\/www.de-brand.net\/blog\/wp-content\/uploads\/2015\/05\/UTOPIE-DYSTOPIE_1280_1280.jpg 1280w\" sizes=\"(max-width: 640px) 100vw, 640px\" \/><\/p>\n<p>Vorbilder hierf\u00fcr: Florian Pfeffer&#8217;s &#8220;To Do: Die neue Rolle der Gestaltung in einer ver\u00e4nderten Welt&#8221;, am besten parallel zu lesen mit &#8220;Transformationsdesign: Wege in eine zukunftsf\u00e4hige Moderne&#8221; von Harald Welzer und Bernd Sommer. Mehr hierzu auf den Blog <a href=\"http:\/\/pro2.unibz.it\/projects\/blogs\/bydesignorbydisaster\/to-do-die-neue-rolle-der-gestaltung-in-einer-veranderten-welt\/\">By Design or by Disaster<\/a>.<\/p>\n<p><img decoding=\"async\" src=\"http:\/\/www.de-brand.net\/blog\/wp-content\/uploads\/2015\/05\/utopie-ohne-auto.jpg\" alt=\"utopie-ohne-auto\" width=\"100%\" \/> <\/p>\n<p><strong>&#8230; und ab jetzt: JEDER SONNTAG AUTOFREI!<br \/>\n<\/strong><br \/>\n(und jetzt geht&#8217;s raus, Quellenverweise von Bildern mache ich sp\u00e4ter noch)<\/p>\n","protected":false},"excerpt":{"rendered":"<p>&#8230; wir so Leben w\u00fcrden wir wollen. Froh zu sein bedarf es wenig &#8230; Mehr mit weniger &#8230; mehr Gutes mit weniger G\u00fctern. Keine Kriege, kein Kampf ums Geld, keine Wichtigtuerei, &#8230; etc. Kaum vorzustellen (Zizek), au\u00dfer von toten Spinnern wie John Lennon (&#8220;Imagine&#8220;)\u00a0 oder ein paar lebendigen Freigeistern, Aktivistinnen und Gestaltern (mehr dazu auf [&hellip;]<\/p>\n","protected":false},"author":1,"featured_media":1027,"comment_status":"open","ping_status":"open","sticky":false,"template":"","format":"standard","meta":{"footnotes":""},"categories":[57,58,56,1,59],"tags":[],"class_list":["post-1016","post","type-post","status-publish","format-standard","has-post-thumbnail","hentry","category-gesellschaft","category-kultur","category-leben","category-uncategorized","category-zukunft"],"_links":{"self":[{"href":"https:\/\/www.de-brand.net\/blog\/wp-json\/wp\/v2\/posts\/1016","targetHints":{"allow":["GET"]}}],"collection":[{"href":"https:\/\/www.de-brand.net\/blog\/wp-json\/wp\/v2\/posts"}],"about":[{"href":"https:\/\/www.de-brand.net\/blog\/wp-json\/wp\/v2\/types\/post"}],"author":[{"embeddable":true,"href":"https:\/\/www.de-brand.net\/blog\/wp-json\/wp\/v2\/users\/1"}],"replies":[{"embeddable":true,"href":"https:\/\/www.de-brand.net\/blog\/wp-json\/wp\/v2\/comments?post=1016"}],"version-history":[{"count":12,"href":"https:\/\/www.de-brand.net\/blog\/wp-json\/wp\/v2\/posts\/1016\/revisions"}],"predecessor-version":[{"id":1032,"href":"https:\/\/www.de-brand.net\/blog\/wp-json\/wp\/v2\/posts\/1016\/revisions\/1032"}],"wp:featuredmedia":[{"embeddable":true,"href":"https:\/\/www.de-brand.net\/blog\/wp-json\/wp\/v2\/media\/1027"}],"wp:attachment":[{"href":"https:\/\/www.de-brand.net\/blog\/wp-json\/wp\/v2\/media?parent=1016"}],"wp:term":[{"taxonomy":"category","embeddable":true,"href":"https:\/\/www.de-brand.net\/blog\/wp-json\/wp\/v2\/categories?post=1016"},{"taxonomy":"post_tag","embeddable":true,"href":"https:\/\/www.de-brand.net\/blog\/wp-json\/wp\/v2\/tags?post=1016"}],"curies":[{"name":"wp","href":"https:\/\/api.w.org\/{rel}","templated":true}]}}